{"id":1817,"date":"2023-12-01T06:23:16","date_gmt":"2023-12-01T06:23:16","guid":{"rendered":"https:\/\/mm.atletaspopularesdeplasencia.com\/?p=1817"},"modified":"2023-12-19T10:54:22","modified_gmt":"2023-12-19T10:54:22","slug":"mm2024","status":"publish","type":"post","link":"https:\/\/mmp.atletaspopularesdeplasencia.com\/?p=1817","title":{"rendered":"MM 2024  \u00a1Ya estamos aqu\u00ed!"},"content":{"rendered":"<h2>Amigos, ya estamos manos a la obra dispuestos a dar lo mejor de nosotros mismos en esta D\u00c9CIMA EDICI\u00d3N de nuestra querida Media Marat\u00f3n Ciudad de Plasencia. Son muchos los detalles que har\u00e1n de esta novena edici\u00f3n <em>una edici\u00f3n especial<\/em>, damos continuidad a nuestra fecha habitual\u00a0<em>\u00a0\u201cEl primer fin de semana de Febrero\u201d<\/em>\u00a0este a\u00f1o \u00a0la seguimos respetando, la fecha para este a\u00f1o ser\u00e1 el\u00a0<strong>domingo 4 de Febrero de 2024, a las 11.00h.<\/strong><\/h2>\r\n<!-- \/wp:post-content -->\r\n\r\n<!-- wp:heading {\"level\":1} -->\r\n<h1><img loading=\"lazy\" decoding=\"async\" src=\"https:\/\/mmp.atletaspopularesdeplasencia.com\/wp-content\/uploads\/sites\/2\/2015\/11\/globos-2-V-media-maraton-225x300.jpeg\" alt=\"\" width=\"225\" height=\"300\" \/><\/h1>\r\n<!-- \/wp:heading -->\r\n\r\n<!-- wp:paragraph -->\r\n<p>De momento\u00a0 solo deciros que\u00a0 las\u00a0\u00a0<a href=\"https:\/\/eventos.runrunsports.com\/inscripcion\/x-media-maraton-popular-ciudad-de-plasencia\/modalidades\" target=\"_blank\" rel=\"noreferrer noopener\">inscripciones<\/a>, las pod\u00e9is realizar a partir del 21<em><strong> Noviembre<\/strong><\/em> y ojo, el a\u00f1o pasado se\u00a0acabaron los dorsales sobre la bocina!!! y es que como ya nos dijisteis al acabar la carrera el a\u00f1o pasado\u2026\u00a0<strong>\u00a1\u00a1\u00a1esta carrera es nuestra carrera!!!<\/strong><\/p>\r\n<!-- \/wp:paragraph -->\r\n\r\n<!-- wp:paragraph -->\r\n<p>Quedamos a vuestra entera disposici\u00f3n para cualquier duda o sugerencia, a trav\u00e9s de este post (comentarios) o a trav\u00e9s de los canales de comunicaci\u00f3n del club, comunicacion@atletaspopularesdeplasencia.com o bien\u00a0en\u00a0nuestro\u00a0<a href=\"https:\/\/www.facebook.com\/atletaspopularesdeplasencia\">Facebook<\/a>\u00a0o\u00a0<a href=\"https:\/\/twitter.com\/atletaspopplas\">Twitter<\/a><\/p>\r\n<!-- \/wp:paragraph -->\r\n\r\n<!-- wp:paragraph -->\r\n<p>Cu\u00e9ntanos\u2026 \u00bfCu\u00e1l es tu reto?<\/p>","protected":false},"excerpt":{"rendered":"<p>Amigos, ya estamos manos a la obra dispuestos a dar lo mejor de nosotros mismos en esta D\u00c9CIMA EDICI\u00d3N de nuestra querida Media Marat\u00f3n Ciudad de Plasencia. Son muchos los detalles que har\u00e1n de esta novena edici\u00f3n una edici\u00f3n especial, damos continuidad a nuestra fecha habitual\u00a0\u00a0\u201cEl primer fin de semana de Febrero\u201d\u00a0este a\u00f1o \u00a0la seguimos [&hellip;]<\/p>\n","protected":false},"author":1,"featured_media":0,"comment_status":"open","ping_status":"open","sticky":false,"template":"","format":"standard","meta":{"site-sidebar-layout":"default","site-content-layout":"","ast-site-content-layout":"default","site-content-style":"default","site-sidebar-style":"default","ast-global-header-display":"","ast-banner-title-visibility":"","ast-main-header-display":"","ast-hfb-above-header-display":"","ast-hfb-below-header-display":"","ast-hfb-mobile-header-display":"","site-post-title":"","ast-breadcrumbs-content":"","ast-featured-img":"","footer-sml-layout":"","ast-disable-related-posts":"","theme-transparent-header-meta":"","adv-header-id-meta":"","stick-header-meta":"","header-above-stick-meta":"","header-main-stick-meta":"","header-below-stick-meta":"","astra-migrate-meta-layouts":"default","ast-page-background-enabled":"default","ast-page-background-meta":{"desktop":{"background-color":"var(--ast-global-color-4)","background-image":"","background-repeat":"repeat","background-position":"center center","background-size":"auto","background-attachment":"scroll","background-type":"","background-media":"","overlay-type":"","overlay-color":"","overlay-opacity":"","overlay-gradient":""},"tablet":{"background-color":"","background-image":"","background-repeat":"repeat","background-position":"center center","background-size":"auto","background-attachment":"scroll","background-type":"","background-media":"","overlay-type":"","overlay-color":"","overlay-opacity":"","overlay-gradient":""},"mobile":{"background-color":"","background-image":"","background-repeat":"repeat","background-position":"center center","background-size":"auto","background-attachment":"scroll","background-type":"","background-media":"","overlay-type":"","overlay-color":"","overlay-opacity":"","overlay-gradient":""}},"ast-content-background-meta":{"desktop":{"background-color":"var(--ast-global-color-5)","background-image":"","background-repeat":"repeat","background-position":"center center","background-size":"auto","background-attachment":"scroll","background-type":"","background-media":"","overlay-type":"","overlay-color":"","overlay-opacity":"","overlay-gradient":""},"tablet":{"background-color":"var(--ast-global-color-5)","background-image":"","background-repeat":"repeat","background-position":"center center","background-size":"auto","background-attachment":"scroll","background-type":"","background-media":"","overlay-type":"","overlay-color":"","overlay-opacity":"","overlay-gradient":""},"mobile":{"background-color":"var(--ast-global-color-5)","background-image":"","background-repeat":"repeat","background-position":"center center","background-size":"auto","background-attachment":"scroll","background-type":"","background-media":"","overlay-type":"","overlay-color":"","overlay-opacity":"","overlay-gradient":""}},"_jetpack_newsletter_access":"","_jetpack_dont_email_post_to_subs":false,"_jetpack_newsletter_tier_id":0,"_jetpack_memberships_contains_paywalled_content":false,"_jetpack_memberships_contains_paid_content":false,"footnotes":""},"categories":[1],"tags":[],"class_list":["post-1817","post","type-post","status-publish","format-standard","hentry","category-uncategorized"],"jetpack_featured_media_url":"","jetpack_likes_enabled":true,"jetpack_sharing_enabled":true,"jetpack_shortlink":"https:\/\/wp.me\/s6YwxC-mm2024","post_mailing_queue_ids":[],"_links":{"self":[{"href":"https:\/\/mmp.atletaspopularesdeplasencia.com\/index.php?rest_route=\/wp\/v2\/posts\/1817","targetHints":{"allow":["GET"]}}],"collection":[{"href":"https:\/\/mmp.atletaspopularesdeplasencia.com\/index.php?rest_route=\/wp\/v2\/posts"}],"about":[{"href":"https:\/\/mmp.atletaspopularesdeplasencia.com\/index.php?rest_route=\/wp\/v2\/types\/post"}],"author":[{"embeddable":true,"href":"https:\/\/mmp.atletaspopularesdeplasencia.com\/index.php?rest_route=\/wp\/v2\/users\/1"}],"replies":[{"embeddable":true,"href":"https:\/\/mmp.atletaspopularesdeplasencia.com\/index.php?rest_route=%2Fwp%2Fv2%2Fcomments&post=1817"}],"version-history":[{"count":3,"href":"https:\/\/mmp.atletaspopularesdeplasencia.com\/index.php?rest_route=\/wp\/v2\/posts\/1817\/revisions"}],"predecessor-version":[{"id":1844,"href":"https:\/\/mmp.atletaspopularesdeplasencia.com\/index.php?rest_route=\/wp\/v2\/posts\/1817\/revisions\/1844"}],"wp:attachment":[{"href":"https:\/\/mmp.atletaspopularesdeplasencia.com\/index.php?rest_route=%2Fwp%2Fv2%2Fmedia&parent=1817"}],"wp:term":[{"taxonomy":"category","embeddable":true,"href":"https:\/\/mmp.atletaspopularesdeplasencia.com\/index.php?rest_route=%2Fwp%2Fv2%2Fcategories&post=1817"},{"taxonomy":"post_tag","embeddable":true,"href":"https:\/\/mmp.atletaspopularesdeplasencia.com\/index.php?rest_route=%2Fwp%2Fv2%2Ftags&post=1817"}],"curies":[{"name":"wp","href":"https:\/\/api.w.org\/{rel}","templated":true}]}}