{"id":1953,"date":"2024-10-18T07:43:07","date_gmt":"2024-10-18T07:43:07","guid":{"rendered":"https:\/\/mmp.atletaspopularesdeplasencia.com\/?p=1953"},"modified":"2025-01-31T05:49:46","modified_gmt":"2025-01-31T05:49:46","slug":"abrimos-inscripciones","status":"publish","type":"post","link":"https:\/\/mmp.atletaspopularesdeplasencia.com\/?p=1953","title":{"rendered":"Abrimos inscripciones"},"content":{"rendered":"<style><span data-mce-type=\"bookmark\" style=\"display: inline-block; width: 0px; overflow: hidden; line-height: 0;\" class=\"mce_SELRES_start\">\ufeff<\/span><br \/>\n.button {<br \/>\n  border: none;<br \/>\n  color: white;<br \/>\n  padding: 15px 32px;<br \/>\n  text-align: center;<br \/>\n  text-decoration: none;<br \/>\n  display: inline-block;<br \/>\n  font-size: 16px;<br \/>\n  margin: 4px 2px;<br \/>\n  cursor: pointer;<br \/>\n}<\/p>\n<p>.button2 {background-color: #008CBA;} \/* Blue *\/<br \/>\n<\/style>\n<p>\u00a1Atenci\u00f3n, corredores y amantes del deporte!\u200d\u2642\ufe0f \u00a1La XI Media Marat\u00f3n de Plasencia 2025 est\u00e1 a la vuelta de la esquina y no puedes perd\u00e9rtela! \u200d\u2640\ufe0f<\/p>\n<p>Apunta la fecha 02\/02\/2025\u2757\u2757Solo quedan cuatro meses\u2757\u2757<\/p>\n<p>Ven y disfruta de un evento \u00fanico con un recorrido por la hermosa ciudad de Plasencia.<br \/>\n\u00a1Una experiencia inigualable para todos los participantes!<\/p>\n<p>Estar atentos a nuestras RRSS si quer\u00e9is estar informados de todo.<\/p>\n<p>Arrancamos!!!!<\/p>\n<form action=\"https:\/\/tickets.runagain.com\/inscripcion\/xi-media-maraton-popular-ciudad-de-plasencia\/modalidades\"><button class=\"button button2\" type=\"submit\">INSCRIBIRSE<\/button><\/form>\n<p>&nbsp;<\/p>\n<p>#run #running #runners #mediamaraton #meiamaratona #halfmaraton #corredores #corredoras<br \/>\n#plasencia #extremadura #atletaspopulares #atletaspopularesdeplasencia #mediasmaratonesdeespa\u00f1a #corredores<br \/>\n#mediamaratondeplasencia #mmplasencia #runningmotivation #runninggirl #runningman #meiamaratona<\/p>\n<p>&nbsp;<\/p>\n","protected":false},"excerpt":{"rendered":"<p>\u00a1Atenci\u00f3n, corredores y amantes del deporte!\u200d\u2642\ufe0f \u00a1La XI Media Marat\u00f3n de Plasencia 2025 est\u00e1 a la vuelta de la esquina y no puedes perd\u00e9rtela! \u200d\u2640\ufe0f Apunta la fecha 02\/02\/2025\u2757\u2757Solo quedan cuatro meses\u2757\u2757 Ven y disfruta de un evento \u00fanico con un recorrido por la hermosa ciudad de Plasencia. \u00a1Una experiencia inigualable para todos los participantes! [&hellip;]<\/p>\n","protected":false},"author":1,"featured_media":0,"comment_status":"open","ping_status":"open","sticky":false,"template":"","format":"standard","meta":{"site-sidebar-layout":"default","site-content-layout":"","ast-site-content-layout":"default","site-content-style":"default","site-sidebar-style":"default","ast-global-header-display":"","ast-banner-title-visibility":"","ast-main-header-display":"","ast-hfb-above-header-display":"","ast-hfb-below-header-display":"","ast-hfb-mobile-header-display":"","site-post-title":"","ast-breadcrumbs-content":"","ast-featured-img":"","footer-sml-layout":"","ast-disable-related-posts":"","theme-transparent-header-meta":"default","adv-header-id-meta":"","stick-header-meta":"","header-above-stick-meta":"","header-main-stick-meta":"","header-below-stick-meta":"","astra-migrate-meta-layouts":"set","ast-page-background-enabled":"default","ast-page-background-meta":{"desktop":{"background-color":"var(--ast-global-color-4)","background-image":"","background-repeat":"repeat","background-position":"center center","background-size":"auto","background-attachment":"scroll","background-type":"","background-media":"","overlay-type":"","overlay-color":"","overlay-opacity":"","overlay-gradient":""},"tablet":{"background-color":"","background-image":"","background-repeat":"repeat","background-position":"center center","background-size":"auto","background-attachment":"scroll","background-type":"","background-media":"","overlay-type":"","overlay-color":"","overlay-opacity":"","overlay-gradient":""},"mobile":{"background-color":"","background-image":"","background-repeat":"repeat","background-position":"center center","background-size":"auto","background-attachment":"scroll","background-type":"","background-media":"","overlay-type":"","overlay-color":"","overlay-opacity":"","overlay-gradient":""}},"ast-content-background-meta":{"desktop":{"background-color":"var(--ast-global-color-5)","background-image":"","background-repeat":"repeat","background-position":"center center","background-size":"auto","background-attachment":"scroll","background-type":"","background-media":"","overlay-type":"","overlay-color":"","overlay-opacity":"","overlay-gradient":""},"tablet":{"background-color":"var(--ast-global-color-5)","background-image":"","background-repeat":"repeat","background-position":"center center","background-size":"auto","background-attachment":"scroll","background-type":"","background-media":"","overlay-type":"","overlay-color":"","overlay-opacity":"","overlay-gradient":""},"mobile":{"background-color":"var(--ast-global-color-5)","background-image":"","background-repeat":"repeat","background-position":"center center","background-size":"auto","background-attachment":"scroll","background-type":"","background-media":"","overlay-type":"","overlay-color":"","overlay-opacity":"","overlay-gradient":""}},"_jetpack_newsletter_access":"","_jetpack_dont_email_post_to_subs":false,"_jetpack_newsletter_tier_id":0,"_jetpack_memberships_contains_paywalled_content":false,"_jetpack_memberships_contains_paid_content":false,"footnotes":""},"categories":[34,1],"tags":[],"class_list":["post-1953","post","type-post","status-publish","format-standard","hentry","category-mmp2025","category-uncategorized"],"jetpack_featured_media_url":"","jetpack_likes_enabled":true,"jetpack_sharing_enabled":true,"jetpack_shortlink":"https:\/\/wp.me\/p6YwxC-vv","post_mailing_queue_ids":[],"_links":{"self":[{"href":"https:\/\/mmp.atletaspopularesdeplasencia.com\/index.php?rest_route=\/wp\/v2\/posts\/1953","targetHints":{"allow":["GET"]}}],"collection":[{"href":"https:\/\/mmp.atletaspopularesdeplasencia.com\/index.php?rest_route=\/wp\/v2\/posts"}],"about":[{"href":"https:\/\/mmp.atletaspopularesdeplasencia.com\/index.php?rest_route=\/wp\/v2\/types\/post"}],"author":[{"embeddable":true,"href":"https:\/\/mmp.atletaspopularesdeplasencia.com\/index.php?rest_route=\/wp\/v2\/users\/1"}],"replies":[{"embeddable":true,"href":"https:\/\/mmp.atletaspopularesdeplasencia.com\/index.php?rest_route=%2Fwp%2Fv2%2Fcomments&post=1953"}],"version-history":[{"count":6,"href":"https:\/\/mmp.atletaspopularesdeplasencia.com\/index.php?rest_route=\/wp\/v2\/posts\/1953\/revisions"}],"predecessor-version":[{"id":1969,"href":"https:\/\/mmp.atletaspopularesdeplasencia.com\/index.php?rest_route=\/wp\/v2\/posts\/1953\/revisions\/1969"}],"wp:attachment":[{"href":"https:\/\/mmp.atletaspopularesdeplasencia.com\/index.php?rest_route=%2Fwp%2Fv2%2Fmedia&parent=1953"}],"wp:term":[{"taxonomy":"category","embeddable":true,"href":"https:\/\/mmp.atletaspopularesdeplasencia.com\/index.php?rest_route=%2Fwp%2Fv2%2Fcategories&post=1953"},{"taxonomy":"post_tag","embeddable":true,"href":"https:\/\/mmp.atletaspopularesdeplasencia.com\/index.php?rest_route=%2Fwp%2Fv2%2Ftags&post=1953"}],"curies":[{"name":"wp","href":"https:\/\/api.w.org\/{rel}","templated":true}]}}